{"id":2460,"date":"2018-12-04T13:44:00","date_gmt":"2018-12-04T13:44:00","guid":{"rendered":"http:\/\/newhelp.iwareprint.pl\/?p=2460"},"modified":"2024-04-04T10:28:55","modified_gmt":"2024-04-04T10:28:55","slug":"konferencja-podzlecania-druku-juz-za-3-dni","status":"publish","type":"post","link":"https:\/\/iwareprint.pl\/blog\/ogolne\/konferencja-podzlecania-druku-juz-za-3-dni\/","title":{"rendered":"Konferencja Podzlecania Druku ju\u017c za 3 dni"},"content":{"rendered":"\n<figure class=\"wp-block-image size-large\"><img decoding=\"async\" src=\"https:\/\/blog.iwareprint.pl\/wp-content\/uploads\/2018\/12\/grafika.png\" alt=\"\"\/><\/figure>\n\n\n\n<p class=\"has-text-align-left text-big\"><strong>Ju\u017c za 3 dni widzimy si\u0119 w \u0141odzi na Konferencji Podzlecania Druku. Jak b\u0119d\u0105 wygl\u0105da\u0142y poszczeg\u00f3lne bloki tematyczne, co warto wiedzie\u0107 przed pi\u0105tkowym wydarzeniem? Kr\u00f3tki Niezb\u0119dnik Konferencyjny.<\/strong><\/p>\n\n\n\n<p class=\"has-text-align-left\">Startujemy r\u00f3wno o godzinie 10:00 w \u0141odzi, w Hotelu Focus. Wydarzenie podzielili\u015bmy na trzy bloki tematyczne:<\/p>\n\n\n\n<ol class=\"text-big\"><li><strong>Blok tematyczny iwarePRINT<\/strong><\/li><\/ol>\n\n\n\n<p class=\"has-text-align-left\">Wprowadzimy Was w tematyk\u0119 Podzlecania. Poka\u017cemy jak dzia\u0142a modu\u0142 Podzlecania w iwarePRINT. Jak w \u0142atwy spos\u00f3b Udost\u0119pnia\u0107, a jak Podzleca\u0107 produkty. &nbsp;Opowiemy jak wygl\u0105da workflow (cykl zam\u00f3wienia) w module Podzlecania. Zaprezentujemy serwis WWW dedykowany modu\u0142owi. Zaprezentujemy list\u0119 drukarni, kt\u00f3re ju\u017c teraz aktywnie dzia\u0142aj\u0105 w module Podzlecania.<\/p>\n\n\n\n<ol start=\"2\" class=\"text-big\"><li><strong>Blok tematyczny Niezb\u0119dne Narz\u0119dzia<\/strong><\/li><\/ol>\n\n\n\n<p class=\"has-text-align-left\">Chcemy zaprezentowa\u0107 podczas tego bloku narz\u0119dzia, kt\u00f3re mog\u0105 zrewolucjonizowa\u0107 Wasz\u0105 prac\u0119 codzienn\u0105. Ka\u017cde dedykowane do zupe\u0142nie r\u00f3\u017cnych prac.<\/p>\n\n\n\n<p class=\"has-text-align-left\">UX zrewolucjonizuje Wasz\u0105 prac\u0119 nad projektami graficznymi &gt;&gt;&gt;&nbsp;<a href=\"https:\/\/uxfeedback.us\/\">https:\/\/uxfeedback.us\/<\/a><\/p>\n\n\n\n<p class=\"has-text-align-left\">Wtyczka PlaneUpload zintegrowana z iwarePRINT sprawi, \u017ce pliki Waszych Klient\u00f3w b\u0119d\u0105 trzymane niczym w fortecy &gt;&gt;&gt;&nbsp;<a href=\"https:\/\/planeupload.com\/\">https:\/\/planeupload.com<\/a>\/<\/p>\n\n\n\n<p class=\"has-text-align-left\">Zaprezentujemy pokr\u00f3tce r\u00f3wnie\u017c Modu\u0142 Handlowca, czyli nasze narz\u0119dzie CRM, przeznaczone dla przedstawicieli handlowych firm z bran\u017cy poligraficznej.<\/p>\n\n\n\n<ol start=\"3\" class=\"text-big\"><li><strong>Blok tematyczny Outsourcing<\/strong><\/li><\/ol>\n\n\n\n<p class=\"has-text-align-left\">To blok tematyczny, kt\u00f3ry nale\u017cy do ka\u017cdego aktywnego uczestnika wydarzenia.<\/p>\n\n\n\n<p class=\"has-text-align-left\">To blok na, kt\u00f3rym Uczestnicy Konferencji b\u0119d\u0105 mogli zaprezentowa\u0107 swoj\u0105 Ofert\u0119, przedstawi\u0107 zapotrzebowanie innym firmom na jej poszerzenie.<br>My b\u0119dziemy moderatorami, Uczestnicy prowadz\u0105cymi. Na spokojnie, bez niepotrzebnego stresu i napi\u0119cia. Postaramy si\u0119 przedstawi\u0107 Us\u0142ugi wszystkich drukarni bior\u0105cych udzia\u0142 w wydarzeniu szerszemu gronu odbiorc\u00f3w i potencjalnych kontrahent\u00f3w i kr\u00f3tko Pa\u0144stwa przedstawi\u0107. . &nbsp;&nbsp;&nbsp;<\/p>\n\n\n\n<p class=\"has-text-align-left text-big\"><strong>Agenda spotkania:<\/strong><\/p>\n\n\n\n<p class=\"has-text-align-left\">10:00 \u2013 11:00 \u2013 Blok Tematyczny iwarePRINT<\/p>\n\n\n\n<p class=\"has-text-align-left\">11:00 \u2013 11:30 \u2013 Przerwa Kawowa<\/p>\n\n\n\n<p class=\"has-text-align-left\">11:30 \u2013 13:00 \u2013 Blok Tematyczny Niezb\u0119dne Narz\u0119dzia<\/p>\n\n\n\n<p class=\"has-text-align-left\">13:00 \u2013 14:30 \u2013 Lunch , Kawa<\/p>\n\n\n\n<p class=\"has-text-align-left\">14:30 \u2013 16:30 \u2013 Blok tematyczny Outsourcing<\/p>\n\n\n\n<p class=\"has-text-align-left text-big\">18:00 &nbsp;\u2013 \u2026\u2026\u2026 &nbsp;Kolacja + Wiecz\u00f3r Integracyjny<br><br><strong>Co warto mie\u0107 ze sob\u0105?<\/strong><\/p>\n\n\n\n<p class=\"has-text-align-left\">Swoje wizyt\u00f3wki, przyk\u0142ady prac (ma\u0142ogabarytowe) , pozytywne nastawienie. O reszt\u0119 zadbamy na miejscu!<\/p>\n\n\n\n<p class=\"has-text-align-left text-big\"><strong>Miejsce i czas:<\/strong><\/p>\n\n\n\n<p class=\"has-text-align-left\">07.12.2018 (pi\u0105tek) \/ &nbsp;Hotel Focus ul. \u0141\u0105kowa 23, 90-554 \u0141\u00f3d\u017a &nbsp;<\/p>\n\n\n\n<p class=\"has-text-align-left\"><strong>Parking:&nbsp;<\/strong>Hotel udost\u0119pnia bezp\u0142atny parking dla uczestnik\u00f3w wydarzenia.<\/p>\n\n\n\n<p class=\"has-text-align-left text-big\"><strong>Ilu uczestnik\u00f3w si\u0119 spodziewamy?<\/strong><\/p>\n\n\n\n<p class=\"has-text-align-left\">Ponad 40 drukarni i agencji reklamowych potwierdzi\u0142o ju\u017c sw\u00f3j udzia\u0142 w wydarzeniu.<\/p>\n\n\n\n<p class=\"has-text-align-left text-big\"><strong>Czy mo\u017cna jeszcze wzi\u0105\u0107 udzia\u0142 w wydarzeniu?<\/strong><\/p>\n\n\n\n<p class=\"has-text-align-left\">Zosta\u0142o dos\u0142ownie kilka miejsc. Je\u015bli chcesz wzi\u0105\u0107 udzia\u0142 w Konferencji Podzlecania Druku masz czas na rejestracj\u0119 na stronie&nbsp;<a href=\"http:\/\/konferencja.podzlecdruk.pl\/\">http:\/\/konferencja.podzlecdruk.pl\/<\/a>&nbsp;jeszcze tylko do czwartku tj. 6.12.2018 do godziny 12:00 &nbsp;<\/p>\n\n\n\n<p class=\"has-text-align-left\">Do zobaczenia w \u0141odzi!<\/p>\n","protected":false},"excerpt":{"rendered":"<p>Ju\u017c za 3 dni widzimy si\u0119 w \u0141odzi na Konferencji Podzlecania Druku. Jak b\u0119d\u0105 wygl\u0105da\u0142y poszczeg\u00f3lne bloki tematyczne, [&hellip;]<\/p>\n","protected":false},"author":1,"featured_media":2465,"comment_status":"closed","ping_status":"open","sticky":false,"template":"","format":"standard","meta":{"_acf_changed":false,"footnotes":""},"categories":[1],"tags":[],"acf":[],"_links":{"self":[{"href":"https:\/\/iwareprint.pl\/blog\/wp-json\/wp\/v2\/posts\/2460"}],"collection":[{"href":"https:\/\/iwareprint.pl\/blog\/wp-json\/wp\/v2\/posts"}],"about":[{"href":"https:\/\/iwareprint.pl\/blog\/wp-json\/wp\/v2\/types\/post"}],"author":[{"embeddable":true,"href":"https:\/\/iwareprint.pl\/blog\/wp-json\/wp\/v2\/users\/1"}],"replies":[{"embeddable":true,"href":"https:\/\/iwareprint.pl\/blog\/wp-json\/wp\/v2\/comments?post=2460"}],"version-history":[{"count":1,"href":"https:\/\/iwareprint.pl\/blog\/wp-json\/wp\/v2\/posts\/2460\/revisions"}],"predecessor-version":[{"id":2466,"href":"https:\/\/iwareprint.pl\/blog\/wp-json\/wp\/v2\/posts\/2460\/revisions\/2466"}],"wp:featuredmedia":[{"embeddable":true,"href":"https:\/\/iwareprint.pl\/blog\/wp-json\/wp\/v2\/media\/2465"}],"wp:attachment":[{"href":"https:\/\/iwareprint.pl\/blog\/wp-json\/wp\/v2\/media?parent=2460"}],"wp:term":[{"taxonomy":"category","embeddable":true,"href":"https:\/\/iwareprint.pl\/blog\/wp-json\/wp\/v2\/categories?post=2460"},{"taxonomy":"post_tag","embeddable":true,"href":"https:\/\/iwareprint.pl\/blog\/wp-json\/wp\/v2\/tags?post=2460"}],"curies":[{"name":"wp","href":"https:\/\/api.w.org\/{rel}","templated":true}]}}