{"id":5013,"date":"2021-09-14T07:41:00","date_gmt":"2021-09-14T07:41:00","guid":{"rendered":"https:\/\/help.iwareprint.pl\/?p=5013"},"modified":"2024-04-04T10:28:43","modified_gmt":"2024-04-04T10:28:43","slug":"iwareprint-na-remadays-2021","status":"publish","type":"post","link":"https:\/\/iwareprint.pl\/blog\/ogolne\/iwareprint-na-remadays-2021\/","title":{"rendered":"IwarePrint na RemaDays 2021!"},"content":{"rendered":"\n<p class=\"has-text-align-center text-big\">Jak co roku jeste\u015bmy na targach reklamy i poligrafii RemaDays w Warszawie. Hala F, stoisko C 11. Targi odbywaj\u0105 si\u0119 w dniach 15-17 wrze\u015bnia 2021 r. w Ptak Warsaw EXPO, al. Katowicka 62, Nadarzyn k\/ Warszawy<\/p>\n\n\n\n<div class=\"wp-block-image\"><figure class=\"alignleft size-large is-resized\"><img loading=\"lazy\" decoding=\"async\" src=\"https:\/\/help.iwareprint.pl\/wp-content\/uploads\/2021\/09\/3741f9d8-2c39-4b8f-be88-56c00d676cb9-1024x519.png\" alt=\"\" class=\"wp-image-5014\" width=\"824\" height=\"417\" srcset=\"https:\/\/iwareprint.pl\/blog\/wp-content\/uploads\/2021\/09\/3741f9d8-2c39-4b8f-be88-56c00d676cb9-1024x519.png 1024w, https:\/\/iwareprint.pl\/blog\/wp-content\/uploads\/2021\/09\/3741f9d8-2c39-4b8f-be88-56c00d676cb9-300x152.png 300w, https:\/\/iwareprint.pl\/blog\/wp-content\/uploads\/2021\/09\/3741f9d8-2c39-4b8f-be88-56c00d676cb9-768x389.png 768w, https:\/\/iwareprint.pl\/blog\/wp-content\/uploads\/2021\/09\/3741f9d8-2c39-4b8f-be88-56c00d676cb9-1536x779.png 1536w, https:\/\/iwareprint.pl\/blog\/wp-content\/uploads\/2021\/09\/3741f9d8-2c39-4b8f-be88-56c00d676cb9-2048x1038.png 2048w\" sizes=\"(max-width: 824px) 100vw, 824px\" \/><\/figure><\/div>\n\n\n\n<p><\/p>\n\n\n\n<p class=\"has-text-align-left\">Zapraszamy wszystkich na nasze stoisko IwarePrint, gdzie opowiemy Wam o naszym systemie, o tym jakie korzy\u015bci przynosi i jak mocno usprawnia dzia\u0142anie drukarni czy agencji reklamowej. W 5 minut przekonamy Was dlaczego warto zaufa\u0107 w\u0142a\u015bnie Nam. <\/p>\n\n\n\n<p class=\"has-text-align-left\">Nasze stoisko znajdowa\u0107 si\u0119 b\u0119dzie w <strong>Hali F, stanowisko C11<\/strong>.<\/p>\n\n\n\n<p class=\"has-text-align-left\">B\u0119dziemy tam dla Was w godzinach: 15-16 wrze\u015bnia od 9.30 do 17.30 <\/p>\n\n\n\n<p class=\"has-text-align-left\">17 wrze\u015bnia od 9.30 do 16:00<\/p>\n\n\n\n<p class=\"has-text-align-left\">Pami\u0119tajcie, \u017ce aby m\u00f3c wej\u015b\u0107 potrzebujecie najpierw si\u0119 zarejestrowa\u0107 si\u0119 na stronie RemaDays. <br>Na targach doradzimy Wam jak zdoby\u0107 granty na dofinansowanie w ramach programu <strong>6.2 Wsparcie M\u015aP w obszarze cyfryzacji &#8211; Bony na cyfryzacj\u0119<\/strong><\/p>\n\n\n\n<p class=\"has-text-align-left text-big\">Do zobaczenia!<\/p>\n","protected":false},"excerpt":{"rendered":"<p>Jak co roku jeste\u015bmy na targach reklamy i poligrafii RemaDays w Warszawie. Hala F, stoisko C 11. Targi odbywaj\u0105 si\u0119 w dniach 15-17 wrze\u015bnia 2021 r. w Ptak Warsaw EXPO. <\/p>\n","protected":false},"author":1,"featured_media":5015,"comment_status":"closed","ping_status":"open","sticky":false,"template":"","format":"standard","meta":{"_acf_changed":false,"footnotes":""},"categories":[1],"tags":[],"acf":[],"_links":{"self":[{"href":"https:\/\/iwareprint.pl\/blog\/wp-json\/wp\/v2\/posts\/5013"}],"collection":[{"href":"https:\/\/iwareprint.pl\/blog\/wp-json\/wp\/v2\/posts"}],"about":[{"href":"https:\/\/iwareprint.pl\/blog\/wp-json\/wp\/v2\/types\/post"}],"author":[{"embeddable":true,"href":"https:\/\/iwareprint.pl\/blog\/wp-json\/wp\/v2\/users\/1"}],"replies":[{"embeddable":true,"href":"https:\/\/iwareprint.pl\/blog\/wp-json\/wp\/v2\/comments?post=5013"}],"version-history":[{"count":4,"href":"https:\/\/iwareprint.pl\/blog\/wp-json\/wp\/v2\/posts\/5013\/revisions"}],"predecessor-version":[{"id":5021,"href":"https:\/\/iwareprint.pl\/blog\/wp-json\/wp\/v2\/posts\/5013\/revisions\/5021"}],"wp:featuredmedia":[{"embeddable":true,"href":"https:\/\/iwareprint.pl\/blog\/wp-json\/wp\/v2\/media\/5015"}],"wp:attachment":[{"href":"https:\/\/iwareprint.pl\/blog\/wp-json\/wp\/v2\/media?parent=5013"}],"wp:term":[{"taxonomy":"category","embeddable":true,"href":"https:\/\/iwareprint.pl\/blog\/wp-json\/wp\/v2\/categories?post=5013"},{"taxonomy":"post_tag","embeddable":true,"href":"https:\/\/iwareprint.pl\/blog\/wp-json\/wp\/v2\/tags?post=5013"}],"curies":[{"name":"wp","href":"https:\/\/api.w.org\/{rel}","templated":true}]}}