{"id":5868,"date":"2021-12-06T11:00:00","date_gmt":"2021-12-06T11:00:00","guid":{"rendered":"http:\/\/iwaretest.pl\/blog\/?p=5868"},"modified":"2024-04-04T10:28:32","modified_gmt":"2024-04-04T10:28:32","slug":"nowosci-w-systemie-iwareprint-cz-4-podsumowanie-wydarzenia","status":"publish","type":"post","link":"https:\/\/iwareprint.pl\/blog\/ogolne\/nowosci-w-systemie-iwareprint-cz-4-podsumowanie-wydarzenia\/","title":{"rendered":"Nowo\u015bci w systemie IwarePrint cz.4. Podsumowanie wydarzenia"},"content":{"rendered":"\n<p class=\"has-text-align-center text-big\">1 grudnia br spotkali\u015bmy si\u0119 z Wami na czwartym z kolei webinarze z cyklu \u201cNowo\u015bci w IwarePrint\u201d. Spotkania z tego cyklu po\u015bwi\u0119cone s\u0105 tematom zmian w systemie, \u015bwie\u017cych funkcjonalno\u015bci, nad kt\u00f3rymi pracowali\u015bmy przez ostatnie 30 dni.<br>Dla przypomnienia, webinary odbywaj\u0105 si\u0119 w ka\u017cd\u0105 pierwsz\u0105 \u015brod\u0119 miesi\u0105ca. Zainteresowanych zapraszamy na najbli\u017csze wydarzenie <strong>5 stycznia 2022 r. (r\u00f3wne 60 min).<\/strong>Rejestracja <a href=\"http:\/\/webinaria.iwareprint.pl\/\" target=\"_blank\" rel=\"noreferrer noopener\"><span class=\"has-inline-color has-vivid-cyan-blue-color\"><strong>w TYM miejscu.<\/strong><\/span><\/a><\/p>\n\n\n\n<figure class=\"wp-block-gallery columns-1 is-cropped wp-block-gallery-1 is-layout-flex wp-block-gallery-is-layout-flex\"><ul class=\"blocks-gallery-grid\"><li class=\"blocks-gallery-item\"><figure><img loading=\"lazy\" decoding=\"async\" width=\"917\" height=\"647\" src=\"http:\/\/iwaretest.pl\/blog\/wp-content\/uploads\/2021\/12\/NiP4.png\" alt=\"\" data-id=\"5869\" data-full-url=\"http:\/\/iwaretest.pl\/blog\/wp-content\/uploads\/2021\/12\/NiP4.png\" data-link=\"http:\/\/iwaretest.pl\/blog\/?attachment_id=5869\" class=\"wp-image-5869\" srcset=\"https:\/\/iwareprint.pl\/blog\/wp-content\/uploads\/2021\/12\/NiP4.png 917w, https:\/\/iwareprint.pl\/blog\/wp-content\/uploads\/2021\/12\/NiP4-300x212.png 300w, https:\/\/iwareprint.pl\/blog\/wp-content\/uploads\/2021\/12\/NiP4-768x542.png 768w\" sizes=\"(max-width: 917px) 100vw, 917px\" \/><\/figure><\/li><\/ul><\/figure>\n\n\n\n<h4 class=\"has-text-align-left wp-block-heading\"><strong><strong><span class=\"has-inline-color has-black-color\">Poni\u017cej lista funkcjonalno\u015bci zaprezentowanych na wydarzeniu 1 grudnia 2021 r.<\/span><\/strong><\/strong><\/h4>\n\n\n\n<p><\/p>\n\n\n\n<h4 class=\"has-text-align-left has-black-color has-text-color wp-block-heading\"><strong><strong>M. E-commerce<\/strong>. <strong>Dodano mo\u017cliwo\u015b\u0107 pobierania danych z GUS w innych miejscach systemu.<\/strong><\/strong><\/h4>\n\n\n\n<p class=\"has-text-align-left\">Opr\u00f3cz mo\u017cliwo\u015bci pobierania danych z GUS w Panelu Administracyjnym w zak\u0142adce Klienci, mo\u017cliwo\u015b\u0107 zaci\u0105gania tych danych pojawi\u0142a si\u0119 w M. Handlowca i po stronie Panelu Klienta<\/p>\n\n\n\n<p><\/p>\n\n\n\n<h4 class=\"has-text-align-left wp-block-heading\"><strong><span class=\"has-inline-color has-black-color\">M. E-commerce. Walidacja numeru telefonu<\/span><\/strong><\/h4>\n\n\n\n<p class=\"has-text-align-left\">W celu prawid\u0142owej rejestracji klienta, wprowadzili\u015bmy walidacj\u0119 numeru telefonu. Teraz przy rejestracji, klient nie ma mo\u017cliwo\u015bci wprowadzania nieprawid\u0142owej ilo\u015bci cyfr czy nieprawid\u0142owych znak\u00f3w w tych polach: my\u015blnika, spacji czy liter. Przy wprowadzeniu nieprawid\u0142owych danych, system informuje nas o tym oraz automatycznie je poprawia.<\/p>\n\n\n\n<p><\/p>\n\n\n\n<h4 class=\"has-text-align-left wp-block-heading\"><strong><strong><span class=\"has-inline-color has-black-color\">M. E-commerce. Dodano funkcjonalno\u015b\u0107 w zak\u0142adce Wysy\u0142ka.<\/span><\/strong><\/strong><\/h4>\n\n\n\n<p class=\"has-text-align-left\">Dodali\u015bmy drobn\u0105 funkcjonalno\u015b\u0107, kt\u00f3ra jednak znacznie upraszcza proces wysy\u0142ki. W panelu Administracyjnym, w zak\u0142adce Wysy\u0142ka pojawi\u0142 si\u0119 przycisk: \u201dZmie\u0144 status na wys\u0142ano\u201d<\/p>\n\n\n\n<p><\/p>\n\n\n\n<h4 class=\"has-text-align-left wp-block-heading\"><strong><strong><span class=\"has-inline-color has-black-color\">M. Preflight. Statusy preflight<\/span><\/strong><\/strong><\/h4>\n\n\n\n<p class=\"has-text-align-left\">Du\u017ce zmiany w dzia\u0142aniu Modu\u0142u Preflight. Mo\u017cliwo\u015b\u0107 samodzielnego dodania status\u00f3w preflightowych w nowej zak\u0142adce: <strong>Ustawienia &gt; Statusy preflight. <\/strong>Dodanie podstawowych status\u00f3w preflightowych w systemie: Preflight, DTP &#8211; w trakcie, DTP &#8211; w akceptacji w zak\u0142adce Prepress<\/p>\n\n\n\n<p><\/p>\n\n\n\n<h4 class=\"has-text-align-left wp-block-heading\"><strong><strong><span class=\"has-inline-color has-black-color\">M. Preflight. Dodanie wyklucze\u0144 status\u00f3w preflight<\/span><\/strong><\/strong><\/h4>\n\n\n\n<p class=\"has-text-align-left\">Poza dodawaniem\/edycj\u0105 czy korzystaniem z ju\u017c istniej\u0105cych w systemie status\u00f3w preflight, dodano mo\u017cliwo\u015b\u0107 ich wyklucze\u0144.<\/p>\n\n\n\n<p><\/p>\n\n\n\n<h4 class=\"has-text-align-left wp-block-heading\"><strong><strong><span class=\"has-inline-color has-black-color\">M. Preflight. Miniaturki podgl\u0105du plik\u00f3w<\/span><\/strong><\/strong><\/h4>\n\n\n\n<p class=\"has-text-align-left\">Nast\u0119pna funkcjonalno\u015b\u0107, u\u0142atwiaj\u0105ca prac\u0119 w tym module, to pojawienie si\u0119 w systemie miniaturek podgl\u0105du plik\u00f3w zawartych w zleceniach.<\/p>\n\n\n\n<p class=\"has-text-align-left\">Nowe funkcjonalno\u015bci, kt\u00f3re pojawi\u0142y si\u0119 w M.Preflight zostan\u0105 dok\u0142adnie podczas webinaru:<\/p>\n\n\n\n<p class=\"has-text-align-left\">\u201cJak zoptymalizowa\u0107 prac\u0119 Grafika w drukarni internetowej\u201d <strong>15 grudnia br<\/strong>. Rejestracja<strong>  <\/strong><a rel=\"noreferrer noopener\" href=\"https:\/\/iwareprint.pl\/webinaria\/\" target=\"_blank\"><span class=\"has-inline-color has-vivid-cyan-blue-color\"><strong>W TYM MIEJSCU<\/strong><\/span><\/a><\/p>\n\n\n\n<p><\/p>\n\n\n\n<h4 class=\"has-text-align-left wp-block-heading\"><strong><strong><span class=\"has-inline-color has-black-color\">M. Produkcja. Modu\u0142 Produkcja 3.0<\/span><\/strong><\/strong><\/h4>\n\n\n\n<p class=\"has-text-align-left\">Nadci\u0105ga nowa wersja M. Produkcja 3.0, kt\u00f3ra b\u0119dzie zawiera\u0107 totaln\u0105 rewolucj\u0119&nbsp; w obszarze zarz\u0105dzania produkcj\u0105 w drukarni internetowej. Niekt\u00f3re z funkcjonalno\u015bci wejd\u0105 ju\u017c w najbli\u017cszym okresie czasu do systemu i tym samym rozpoczn\u0105 proces wprowadzania Modu\u0142u Produkcja 3.0&nbsp;<\/p>\n\n\n\n<p class=\"has-text-align-left\"><span style=\"text-decoration: underline;\">M. Produkcja. Automatyczne od\u015bwie\u017canie status\u00f3w produkcyjnych w panelu pracownika<\/span><\/p>\n\n\n\n<p class=\"has-text-align-left\">W panelu pracownika dodali\u015bmy automatyczne od\u015bwie\u017canie strony po 30 sek. bezczynno\u015bci. Przydatna opcja, kt\u00f3ra pozwala na aktualizacj\u0119 informacji na temat status\u00f3w produkcyjnych danemu pracownikowi.<\/p>\n\n\n\n<p class=\"has-text-align-left\"><span style=\"text-decoration: underline;\">M. Produkcja. Widok nadchodz\u0105cych zlece\u0144 w panelu pracownika<\/span><\/p>\n\n\n\n<p class=\"has-text-align-left\">Widok nadchodz\u0105cych zlece\u0144. Opcja ta zdecydowanie u\u0142atwi prac\u0119 pracownikowi, gdy ma wgl\u0105d w list\u0119 czynno\u015bci do wykonania w nast\u0119pnej kolejno\u015bci. Mo\u017cemy r\u00f3wnie\u017c ustawi\u0107 ilo\u015b\u0107 status\u00f3w wstecz widocznych w tabeli nadchodz\u0105cych zlece\u0144 lub ustawi\u0107 wy\u015bwietlanie tylko rozpocz\u0119tych zlece\u0144.<\/p>\n\n\n\n<h4 class=\"has-text-align-left wp-block-heading\"><strong><span class=\"has-inline-color has-black-color\">M. Handlowiec. Zmiany w klonowaniu ofert.<\/span><\/strong><\/h4>\n\n\n\n<p class=\"has-text-align-left\">Poprawili\u015bmy dzia\u0142anie klonowania ofert.<\/p>\n\n\n\n<p><\/p>\n\n\n\n<p><\/p>\n\n\n\n<p class=\"has-text-align-left\">Na koniec spotkania wspomnieli\u015bmy o tym, nad czym b\u0119dziemy pracowa\u0107 przy wersji 9.7, (b\u0119dzie znowu sporo zmian;)<\/p>\n\n\n\n<p class=\"has-text-align-left\">oraz zaprosili\u015bmy Was na nast\u0119pne spotkania online, na kt\u00f3re serdecznie Was zapraszamy.<\/p>\n\n\n\n<p class=\"has-text-align-left\">Rejestracja: <strong><a href=\"http:\/\/webinaria.iwareprint.pl\/\" target=\"_blank\" rel=\"noreferrer noopener\"><span class=\"has-inline-color has-vivid-cyan-blue-color\">W TYM MIEJSCU<\/span><\/a><\/strong><\/p>\n\n\n\n<ul><li><strong>15.12.2021<\/strong> godz.<strong> 12.00<\/strong> \u201cJak zoptymalizowa\u0107 prac\u0119 Grafika w drukarni internetowej?<\/li><li><strong>5.01.2021<\/strong> godz. <strong>12.00 <\/strong>\u201cNowo\u015bci w systemie IwarePrint vol.4\u201d<\/li><li><strong>13.01.2021<\/strong> godz. <strong>12.00<\/strong> \u201cIntegracja z Allegro w IwarePrint\u201d<\/li><\/ul>\n\n\n\n<p class=\"has-text-align-left\">Zapraszamy!<\/p>\n\n\n\n<p class=\"has-text-align-left\"><strong>Paulina<\/strong><\/p>\n\n\n\n<p class=\"has-text-align-left\"><strong>#team IwarePrint<\/strong><\/p>\n\n\n\n<p><\/p>\n\n\n\n<p><\/p>\n\n\n\n<p><\/p>\n","protected":false},"excerpt":{"rendered":"<p>1 grudnia br spotkali\u015bmy si\u0119 z Wami na czwartym z kolei webinarze z cyklu \u201cNowo\u015bci w IwarePrint\u201d. Spotkania z tego cyklu po\u015bwi\u0119cone s\u0105 tematom zmian w systemie, \u015bwie\u017cych funkcjonalno\u015bci, nad kt\u00f3rymi pracowali\u015bmy przez ostatnie 30 dni.<br \/>\nDla przypomnienia, webinary odbywaj\u0105 si\u0119 w ka\u017cd\u0105 pierwsz\u0105 \u015brod\u0119 miesi\u0105ca. Zainteresowanych zapraszamy na najbli\u017csze wydarzenie 5 stycznia 2022 r. (r\u00f3wne 60 min).<\/p>\n","protected":false},"author":1,"featured_media":5869,"comment_status":"closed","ping_status":"closed","sticky":false,"template":"","format":"standard","meta":{"_acf_changed":false,"footnotes":""},"categories":[1],"tags":[],"acf":[],"_links":{"self":[{"href":"https:\/\/iwareprint.pl\/blog\/wp-json\/wp\/v2\/posts\/5868"}],"collection":[{"href":"https:\/\/iwareprint.pl\/blog\/wp-json\/wp\/v2\/posts"}],"about":[{"href":"https:\/\/iwareprint.pl\/blog\/wp-json\/wp\/v2\/types\/post"}],"author":[{"embeddable":true,"href":"https:\/\/iwareprint.pl\/blog\/wp-json\/wp\/v2\/users\/1"}],"replies":[{"embeddable":true,"href":"https:\/\/iwareprint.pl\/blog\/wp-json\/wp\/v2\/comments?post=5868"}],"version-history":[{"count":4,"href":"https:\/\/iwareprint.pl\/blog\/wp-json\/wp\/v2\/posts\/5868\/revisions"}],"predecessor-version":[{"id":5875,"href":"https:\/\/iwareprint.pl\/blog\/wp-json\/wp\/v2\/posts\/5868\/revisions\/5875"}],"wp:featuredmedia":[{"embeddable":true,"href":"https:\/\/iwareprint.pl\/blog\/wp-json\/wp\/v2\/media\/5869"}],"wp:attachment":[{"href":"https:\/\/iwareprint.pl\/blog\/wp-json\/wp\/v2\/media?parent=5868"}],"wp:term":[{"taxonomy":"category","embeddable":true,"href":"https:\/\/iwareprint.pl\/blog\/wp-json\/wp\/v2\/categories?post=5868"},{"taxonomy":"post_tag","embeddable":true,"href":"https:\/\/iwareprint.pl\/blog\/wp-json\/wp\/v2\/tags?post=5868"}],"curies":[{"name":"wp","href":"https:\/\/api.w.org\/{rel}","templated":true}]}}